{"id":448,"date":"2024-06-10T06:48:34","date_gmt":"2024-06-10T06:48:34","guid":{"rendered":"https:\/\/lawetaznam.pl\/?p=448"},"modified":"2025-01-13T11:58:37","modified_gmt":"2025-01-13T11:58:37","slug":"transport-maszyn-rolniczych-w-dolnoslaskim","status":"publish","type":"post","link":"https:\/\/lawetaznam.pl\/index.php\/2024\/06\/10\/transport-maszyn-rolniczych-w-dolnoslaskim\/","title":{"rendered":"Transport Maszyn Rolniczych w Dolno\u015bl\u0105skim"},"content":{"rendered":"\n<figure class=\"wp-block-image size-large\"><img loading=\"lazy\" decoding=\"async\" width=\"1024\" height=\"720\" src=\"https:\/\/lawetaznam.pl\/wp-content\/uploads\/2024\/06\/6OX9nk6ZSpaVOLrOeQ0i5w-1024x720.webp\" alt=\"\" class=\"wp-image-457\"\/><\/figure>\n\n\n\n<p><strong>Profesjonalny Transport Maszyn na Terenie G\u0142ogowa, Zielonej G\u00f3ry, Lubina, Leszna, Polkowic i Legnicy<\/strong><\/p>\n\n\n\n<ul class=\"wp-block-list\">\n<li>Jeste\u015bmy do\u015bwiadczon\u0105 firm\u0105 transportow\u0105, specjalizuj\u0105c\u0105 si\u0119 w przewozie maszyn rolniczych. Nasze us\u0142ugi cechuje profesjonalizm, terminowo\u015b\u0107 i atrakcyjno\u015b\u0107 finansowa. Dzia\u0142amy na terenie Dolno\u015bl\u0105skiego, obs\u0142uguj\u0105c miasta G\u0142og\u00f3w, Zielona G\u00f3ra, Lubin, Leszno, Polkowice i Legnic\u0119.<\/li>\n\n\n\n<li><strong>Dlaczego warto wybra\u0107 nasz\u0105 firm\u0119?<\/strong><\/li>\n\n\n\n<li><strong>Do\u015bwiadczenie:<\/strong>&nbsp;Posiadamy wieloletnie do\u015bwiadczenie w transporcie maszyn rolniczych. Nasza ekipa zna si\u0119 na rzeczy i dba o bezpieczny przew\u00f3z.<\/li>\n\n\n\n<li><strong>Profesjonalizm:<\/strong>&nbsp;Nasze pojazdy s\u0105 nowoczesne, a nasi kierowcy przeszkoleni. Dzia\u0142amy zgodnie z obowi\u0105zuj\u0105cymi przepisami, aby zapewni\u0107 bezpieczny transport.<\/li>\n\n\n\n<li><strong>Dobre ceny:<\/strong>\u00a0Oferujemy konkurencyjne ceny, dostosowane do indywidualnych potrzeb klient\u00f3w. Naszym celem jest zadowolenie ka\u017cdego us\u0142ugobiorcy.<\/li>\n\n\n\n<li><strong>Zakres naszych us\u0142ug:<\/strong><\/li>\n\n\n\n<li><strong>Transport maszyn rolniczych:<\/strong>&nbsp;Przewozimy traktory, kombajny, przyczepy i inne maszyny rolnicze.<\/li>\n\n\n\n<li><strong>Transport maszyn budowlanych:<\/strong>&nbsp;Obs\u0142ugujemy przew\u00f3z koparek, \u0142adowarek, walc\u00f3w drogowych i innych maszyn budowlanych.<\/li>\n\n\n\n<li><strong>Transport maszyn le\u015bnych:<\/strong>&nbsp;Przewozimy maszyny le\u015bne, takie jak harwester czy forwarder.<\/li>\n\n\n\n<li><strong>Skontaktuj si\u0119 z nami ju\u017c dzi\u015b!<\/strong><\/li>\n\n\n\n<li>Je\u015bli potrzebujesz profesjonalnego transportu maszyn rolniczych, skontaktuj si\u0119 z nami. Jeste\u015bmy gotowi sprosta\u0107 Twoim oczekiwaniom i zapewni\u0107 bezpieczny przew\u00f3z. \ud83d\ude9a\ud83c\udf3e535 503 355<\/li>\n<\/ul>\n","protected":false},"excerpt":{"rendered":"<p>Profesjonalny Transport Maszyn na Terenie G\u0142ogowa, Zielonej G\u00f3ry, Lubina, Leszna, Polkowic i Legnicy<\/p>\n","protected":false},"author":3,"featured_media":0,"comment_status":"closed","ping_status":"open","sticky":false,"template":"","format":"standard","meta":{"_kadence_starter_templates_imported_post":false,"_kad_post_transparent":"","_kad_post_title":"","_kad_post_layout":"","_kad_post_sidebar_id":"","_kad_post_content_style":"","_kad_post_vertical_padding":"","_kad_post_feature":"","_kad_post_feature_position":"","_kad_post_header":false,"_kad_post_footer":false,"footnotes":""},"categories":[9],"tags":[],"class_list":["post-448","post","type-post","status-publish","format-standard","hentry","category-uslugi-transportowe"],"yoast_head":"<!-- This site is optimized with the Yoast SEO Premium plugin v21.5 (Yoast SEO v24.2) - https:\/\/yoast.com\/wordpress\/plugins\/seo\/ -->\n<title>Transport Maszyn Rolniczych w Dolno\u015bl\u0105skim | Laweta | Pomoc Drogowa<\/title>\n<meta name=\"robots\" content=\"index, follow, max-snippet:-1, max-image-preview:large, max-video-preview:-1\" \/>\n<link rel=\"canonical\" href=\"https:\/\/lawetaznam.pl\/index.php\/2024\/06\/10\/transport-maszyn-rolniczych-w-dolnoslaskim\/\" \/>\n<meta property=\"og:locale\" content=\"pl_PL\" \/>\n<meta property=\"og:type\" content=\"article\" \/>\n<meta property=\"og:title\" content=\"Transport Maszyn Rolniczych w Dolno\u015bl\u0105skim\" \/>\n<meta property=\"og:description\" content=\"Profesjonalny Transport Maszyn na Terenie G\u0142ogowa, Zielonej G\u00f3ry, Lubina, Leszna, Polkowic i Legnicy\" \/>\n<meta property=\"og:url\" content=\"https:\/\/lawetaznam.pl\/index.php\/2024\/06\/10\/transport-maszyn-rolniczych-w-dolnoslaskim\/\" \/>\n<meta property=\"og:site_name\" content=\"Laweta | Pomoc Drogowa\" \/>\n<meta property=\"article:published_time\" content=\"2024-06-10T06:48:34+00:00\" \/>\n<meta property=\"article:modified_time\" content=\"2025-01-13T11:58:37+00:00\" \/>\n<meta property=\"og:image\" content=\"https:\/\/lawetaznam.pl\/wp-content\/uploads\/2024\/06\/6OX9nk6ZSpaVOLrOeQ0i5w-1024x720.webp\" \/>\n<meta name=\"author\" content=\"Estera Wenerska\" \/>\n<meta name=\"twitter:card\" content=\"summary_large_image\" \/>\n<meta name=\"twitter:label1\" content=\"Napisane przez\" \/>\n\t<meta name=\"twitter:data1\" content=\"Estera Wenerska\" \/>\n\t<meta name=\"twitter:label2\" content=\"Szacowany czas czytania\" \/>\n\t<meta name=\"twitter:data2\" content=\"2 minuty\" \/>\n<script type=\"application\/ld+json\" class=\"yoast-schema-graph\">{\"@context\":\"https:\/\/schema.org\",\"@graph\":[{\"@type\":\"Article\",\"@id\":\"https:\/\/lawetaznam.pl\/index.php\/2024\/06\/10\/transport-maszyn-rolniczych-w-dolnoslaskim\/#article\",\"isPartOf\":{\"@id\":\"https:\/\/lawetaznam.pl\/index.php\/2024\/06\/10\/transport-maszyn-rolniczych-w-dolnoslaskim\/\"},\"author\":{\"name\":\"Estera Wenerska\",\"@id\":\"https:\/\/lawetaznam.pl\/#\/schema\/person\/5452bc6a0cb6176cf0c437647407c2a6\"},\"headline\":\"Transport Maszyn Rolniczych w Dolno\u015bl\u0105skim\",\"datePublished\":\"2024-06-10T06:48:34+00:00\",\"dateModified\":\"2025-01-13T11:58:37+00:00\",\"mainEntityOfPage\":{\"@id\":\"https:\/\/lawetaznam.pl\/index.php\/2024\/06\/10\/transport-maszyn-rolniczych-w-dolnoslaskim\/\"},\"wordCount\":210,\"publisher\":{\"@id\":\"https:\/\/lawetaznam.pl\/#organization\"},\"image\":{\"@id\":\"https:\/\/lawetaznam.pl\/index.php\/2024\/06\/10\/transport-maszyn-rolniczych-w-dolnoslaskim\/#primaryimage\"},\"thumbnailUrl\":\"https:\/\/lawetaznam.pl\/wp-content\/uploads\/2024\/06\/6OX9nk6ZSpaVOLrOeQ0i5w-1024x720.webp\",\"articleSection\":[\"Us\u0142ugi transportowe\"],\"inLanguage\":\"pl-PL\"},{\"@type\":\"WebPage\",\"@id\":\"https:\/\/lawetaznam.pl\/index.php\/2024\/06\/10\/transport-maszyn-rolniczych-w-dolnoslaskim\/\",\"url\":\"https:\/\/lawetaznam.pl\/index.php\/2024\/06\/10\/transport-maszyn-rolniczych-w-dolnoslaskim\/\",\"name\":\"Transport Maszyn Rolniczych w Dolno\u015bl\u0105skim | Laweta | Pomoc Drogowa\",\"isPartOf\":{\"@id\":\"https:\/\/lawetaznam.pl\/#website\"},\"primaryImageOfPage\":{\"@id\":\"https:\/\/lawetaznam.pl\/index.php\/2024\/06\/10\/transport-maszyn-rolniczych-w-dolnoslaskim\/#primaryimage\"},\"image\":{\"@id\":\"https:\/\/lawetaznam.pl\/index.php\/2024\/06\/10\/transport-maszyn-rolniczych-w-dolnoslaskim\/#primaryimage\"},\"thumbnailUrl\":\"https:\/\/lawetaznam.pl\/wp-content\/uploads\/2024\/06\/6OX9nk6ZSpaVOLrOeQ0i5w-1024x720.webp\",\"datePublished\":\"2024-06-10T06:48:34+00:00\",\"dateModified\":\"2025-01-13T11:58:37+00:00\",\"breadcrumb\":{\"@id\":\"https:\/\/lawetaznam.pl\/index.php\/2024\/06\/10\/transport-maszyn-rolniczych-w-dolnoslaskim\/#breadcrumb\"},\"inLanguage\":\"pl-PL\",\"potentialAction\":[{\"@type\":\"ReadAction\",\"target\":[\"https:\/\/lawetaznam.pl\/index.php\/2024\/06\/10\/transport-maszyn-rolniczych-w-dolnoslaskim\/\"]}]},{\"@type\":\"ImageObject\",\"inLanguage\":\"pl-PL\",\"@id\":\"https:\/\/lawetaznam.pl\/index.php\/2024\/06\/10\/transport-maszyn-rolniczych-w-dolnoslaskim\/#primaryimage\",\"url\":\"https:\/\/lawetaznam.pl\/wp-content\/uploads\/2024\/06\/6OX9nk6ZSpaVOLrOeQ0i5w.webp\",\"contentUrl\":\"https:\/\/lawetaznam.pl\/wp-content\/uploads\/2024\/06\/6OX9nk6ZSpaVOLrOeQ0i5w.webp\",\"width\":1280,\"height\":720},{\"@type\":\"BreadcrumbList\",\"@id\":\"https:\/\/lawetaznam.pl\/index.php\/2024\/06\/10\/transport-maszyn-rolniczych-w-dolnoslaskim\/#breadcrumb\",\"itemListElement\":[{\"@type\":\"ListItem\",\"position\":1,\"name\":\"Home\",\"item\":\"https:\/\/lawetaznam.pl\/\"},{\"@type\":\"ListItem\",\"position\":2,\"name\":\"Transport Maszyn Rolniczych w Dolno\u015bl\u0105skim\"}]},{\"@type\":\"WebSite\",\"@id\":\"https:\/\/lawetaznam.pl\/#website\",\"url\":\"https:\/\/lawetaznam.pl\/\",\"name\":\"Laweta | Pomoc Drogowa\",\"description\":\"ZNAM | Transport dla Ciebie\",\"publisher\":{\"@id\":\"https:\/\/lawetaznam.pl\/#organization\"},\"inLanguage\":\"pl-PL\"},{\"@type\":\"Organization\",\"@id\":\"https:\/\/lawetaznam.pl\/#organization\",\"name\":\"Laweta Znam\",\"url\":\"https:\/\/lawetaznam.pl\/\",\"logo\":{\"@type\":\"ImageObject\",\"inLanguage\":\"pl-PL\",\"@id\":\"https:\/\/lawetaznam.pl\/#\/schema\/logo\/image\/\",\"url\":\"https:\/\/lawetaznam.pl\/wp-content\/uploads\/2021\/08\/11111.jpg\",\"contentUrl\":\"https:\/\/lawetaznam.pl\/wp-content\/uploads\/2021\/08\/11111.jpg\",\"width\":2362,\"height\":2362,\"caption\":\"Laweta Znam\"},\"image\":{\"@id\":\"https:\/\/lawetaznam.pl\/#\/schema\/logo\/image\/\"}},{\"@type\":\"Person\",\"@id\":\"https:\/\/lawetaznam.pl\/#\/schema\/person\/5452bc6a0cb6176cf0c437647407c2a6\",\"name\":\"Estera Wenerska\",\"image\":{\"@type\":\"ImageObject\",\"inLanguage\":\"pl-PL\",\"@id\":\"https:\/\/lawetaznam.pl\/#\/schema\/person\/image\/\",\"url\":\"https:\/\/secure.gravatar.com\/avatar\/1106629de31a49911061b475936764d9?s=96&d=mm&r=g\",\"contentUrl\":\"https:\/\/secure.gravatar.com\/avatar\/1106629de31a49911061b475936764d9?s=96&d=mm&r=g\",\"caption\":\"Estera Wenerska\"},\"url\":\"https:\/\/lawetaznam.pl\/index.php\/author\/estera\/\"}]}<\/script>\n<!-- \/ Yoast SEO Premium plugin. -->","yoast_head_json":{"title":"Transport Maszyn Rolniczych w Dolno\u015bl\u0105skim | Laweta | Pomoc Drogowa","robots":{"index":"index","follow":"follow","max-snippet":"max-snippet:-1","max-image-preview":"max-image-preview:large","max-video-preview":"max-video-preview:-1"},"canonical":"https:\/\/lawetaznam.pl\/index.php\/2024\/06\/10\/transport-maszyn-rolniczych-w-dolnoslaskim\/","og_locale":"pl_PL","og_type":"article","og_title":"Transport Maszyn Rolniczych w Dolno\u015bl\u0105skim","og_description":"Profesjonalny Transport Maszyn na Terenie G\u0142ogowa, Zielonej G\u00f3ry, Lubina, Leszna, Polkowic i Legnicy","og_url":"https:\/\/lawetaznam.pl\/index.php\/2024\/06\/10\/transport-maszyn-rolniczych-w-dolnoslaskim\/","og_site_name":"Laweta | Pomoc Drogowa","article_published_time":"2024-06-10T06:48:34+00:00","article_modified_time":"2025-01-13T11:58:37+00:00","og_image":[{"url":"https:\/\/lawetaznam.pl\/wp-content\/uploads\/2024\/06\/6OX9nk6ZSpaVOLrOeQ0i5w-1024x720.webp","type":"","width":"","height":""}],"author":"Estera Wenerska","twitter_card":"summary_large_image","twitter_misc":{"Napisane przez":"Estera Wenerska","Szacowany czas czytania":"2 minuty"},"schema":{"@context":"https:\/\/schema.org","@graph":[{"@type":"Article","@id":"https:\/\/lawetaznam.pl\/index.php\/2024\/06\/10\/transport-maszyn-rolniczych-w-dolnoslaskim\/#article","isPartOf":{"@id":"https:\/\/lawetaznam.pl\/index.php\/2024\/06\/10\/transport-maszyn-rolniczych-w-dolnoslaskim\/"},"author":{"name":"Estera Wenerska","@id":"https:\/\/lawetaznam.pl\/#\/schema\/person\/5452bc6a0cb6176cf0c437647407c2a6"},"headline":"Transport Maszyn Rolniczych w Dolno\u015bl\u0105skim","datePublished":"2024-06-10T06:48:34+00:00","dateModified":"2025-01-13T11:58:37+00:00","mainEntityOfPage":{"@id":"https:\/\/lawetaznam.pl\/index.php\/2024\/06\/10\/transport-maszyn-rolniczych-w-dolnoslaskim\/"},"wordCount":210,"publisher":{"@id":"https:\/\/lawetaznam.pl\/#organization"},"image":{"@id":"https:\/\/lawetaznam.pl\/index.php\/2024\/06\/10\/transport-maszyn-rolniczych-w-dolnoslaskim\/#primaryimage"},"thumbnailUrl":"https:\/\/lawetaznam.pl\/wp-content\/uploads\/2024\/06\/6OX9nk6ZSpaVOLrOeQ0i5w-1024x720.webp","articleSection":["Us\u0142ugi transportowe"],"inLanguage":"pl-PL"},{"@type":"WebPage","@id":"https:\/\/lawetaznam.pl\/index.php\/2024\/06\/10\/transport-maszyn-rolniczych-w-dolnoslaskim\/","url":"https:\/\/lawetaznam.pl\/index.php\/2024\/06\/10\/transport-maszyn-rolniczych-w-dolnoslaskim\/","name":"Transport Maszyn Rolniczych w Dolno\u015bl\u0105skim | Laweta | Pomoc Drogowa","isPartOf":{"@id":"https:\/\/lawetaznam.pl\/#website"},"primaryImageOfPage":{"@id":"https:\/\/lawetaznam.pl\/index.php\/2024\/06\/10\/transport-maszyn-rolniczych-w-dolnoslaskim\/#primaryimage"},"image":{"@id":"https:\/\/lawetaznam.pl\/index.php\/2024\/06\/10\/transport-maszyn-rolniczych-w-dolnoslaskim\/#primaryimage"},"thumbnailUrl":"https:\/\/lawetaznam.pl\/wp-content\/uploads\/2024\/06\/6OX9nk6ZSpaVOLrOeQ0i5w-1024x720.webp","datePublished":"2024-06-10T06:48:34+00:00","dateModified":"2025-01-13T11:58:37+00:00","breadcrumb":{"@id":"https:\/\/lawetaznam.pl\/index.php\/2024\/06\/10\/transport-maszyn-rolniczych-w-dolnoslaskim\/#breadcrumb"},"inLanguage":"pl-PL","potentialAction":[{"@type":"ReadAction","target":["https:\/\/lawetaznam.pl\/index.php\/2024\/06\/10\/transport-maszyn-rolniczych-w-dolnoslaskim\/"]}]},{"@type":"ImageObject","inLanguage":"pl-PL","@id":"https:\/\/lawetaznam.pl\/index.php\/2024\/06\/10\/transport-maszyn-rolniczych-w-dolnoslaskim\/#primaryimage","url":"https:\/\/lawetaznam.pl\/wp-content\/uploads\/2024\/06\/6OX9nk6ZSpaVOLrOeQ0i5w.webp","contentUrl":"https:\/\/lawetaznam.pl\/wp-content\/uploads\/2024\/06\/6OX9nk6ZSpaVOLrOeQ0i5w.webp","width":1280,"height":720},{"@type":"BreadcrumbList","@id":"https:\/\/lawetaznam.pl\/index.php\/2024\/06\/10\/transport-maszyn-rolniczych-w-dolnoslaskim\/#breadcrumb","itemListElement":[{"@type":"ListItem","position":1,"name":"Home","item":"https:\/\/lawetaznam.pl\/"},{"@type":"ListItem","position":2,"name":"Transport Maszyn Rolniczych w Dolno\u015bl\u0105skim"}]},{"@type":"WebSite","@id":"https:\/\/lawetaznam.pl\/#website","url":"https:\/\/lawetaznam.pl\/","name":"Laweta | Pomoc Drogowa","description":"ZNAM | Transport dla Ciebie","publisher":{"@id":"https:\/\/lawetaznam.pl\/#organization"},"inLanguage":"pl-PL"},{"@type":"Organization","@id":"https:\/\/lawetaznam.pl\/#organization","name":"Laweta Znam","url":"https:\/\/lawetaznam.pl\/","logo":{"@type":"ImageObject","inLanguage":"pl-PL","@id":"https:\/\/lawetaznam.pl\/#\/schema\/logo\/image\/","url":"https:\/\/lawetaznam.pl\/wp-content\/uploads\/2021\/08\/11111.jpg","contentUrl":"https:\/\/lawetaznam.pl\/wp-content\/uploads\/2021\/08\/11111.jpg","width":2362,"height":2362,"caption":"Laweta Znam"},"image":{"@id":"https:\/\/lawetaznam.pl\/#\/schema\/logo\/image\/"}},{"@type":"Person","@id":"https:\/\/lawetaznam.pl\/#\/schema\/person\/5452bc6a0cb6176cf0c437647407c2a6","name":"Estera Wenerska","image":{"@type":"ImageObject","inLanguage":"pl-PL","@id":"https:\/\/lawetaznam.pl\/#\/schema\/person\/image\/","url":"https:\/\/secure.gravatar.com\/avatar\/1106629de31a49911061b475936764d9?s=96&d=mm&r=g","contentUrl":"https:\/\/secure.gravatar.com\/avatar\/1106629de31a49911061b475936764d9?s=96&d=mm&r=g","caption":"Estera Wenerska"},"url":"https:\/\/lawetaznam.pl\/index.php\/author\/estera\/"}]}},"_links":{"self":[{"href":"https:\/\/lawetaznam.pl\/index.php\/wp-json\/wp\/v2\/posts\/448","targetHints":{"allow":["GET"]}}],"collection":[{"href":"https:\/\/lawetaznam.pl\/index.php\/wp-json\/wp\/v2\/posts"}],"about":[{"href":"https:\/\/lawetaznam.pl\/index.php\/wp-json\/wp\/v2\/types\/post"}],"author":[{"embeddable":true,"href":"https:\/\/lawetaznam.pl\/index.php\/wp-json\/wp\/v2\/users\/3"}],"replies":[{"embeddable":true,"href":"https:\/\/lawetaznam.pl\/index.php\/wp-json\/wp\/v2\/comments?post=448"}],"version-history":[{"count":3,"href":"https:\/\/lawetaznam.pl\/index.php\/wp-json\/wp\/v2\/posts\/448\/revisions"}],"predecessor-version":[{"id":765,"href":"https:\/\/lawetaznam.pl\/index.php\/wp-json\/wp\/v2\/posts\/448\/revisions\/765"}],"wp:attachment":[{"href":"https:\/\/lawetaznam.pl\/index.php\/wp-json\/wp\/v2\/media?parent=448"}],"wp:term":[{"taxonomy":"category","embeddable":true,"href":"https:\/\/lawetaznam.pl\/index.php\/wp-json\/wp\/v2\/categories?post=448"},{"taxonomy":"post_tag","embeddable":true,"href":"https:\/\/lawetaznam.pl\/index.php\/wp-json\/wp\/v2\/tags?post=448"}],"curies":[{"name":"wp","href":"https:\/\/api.w.org\/{rel}","templated":true}]}}