{"id":433,"date":"2023-10-26T11:10:59","date_gmt":"2023-10-26T11:10:59","guid":{"rendered":"https:\/\/lawetaznam.pl\/?p=433"},"modified":"2025-01-13T11:58:39","modified_gmt":"2025-01-13T11:58:39","slug":"ekspert-w-transporcie-gabarytow-i-kamperow","status":"publish","type":"post","link":"https:\/\/lawetaznam.pl\/index.php\/2023\/10\/26\/ekspert-w-transporcie-gabarytow-i-kamperow\/","title":{"rendered":"Ekspert w Transporcie Gabaryt\u00f3w i Kamper\u00f3w:"},"content":{"rendered":"\n<p>Marzysz o przeprowadzce na nowe miejsce, a Tw\u00f3j kamper jest zbyt du\u017cy, by przewie\u017a\u0107 go samodzielnie? Potrzebujesz profesjonalnej firmy, kt\u00f3ra zapewni bezpieczny i komfortowy transport? Nasza firma specjalizuje si\u0119 w przewozie gabaryt\u00f3w i kamper\u00f3w, oferuj\u0105c kompleksowe us\u0142ugi, kt\u00f3re spe\u0142ni\u0105 Twoje oczekiwania. <\/p>\n\n\n\n<p><strong>1. Specjalistyczna Flota Pojazd\u00f3w<\/strong> <\/p>\n\n\n\n<p>Nasza flota pojazd\u00f3w jest specjalnie dostosowana do przewozu gabaryt\u00f3w i kamper\u00f3w. Dysponujemy ci\u0119\u017car\u00f3wkami oraz specjalistycznym sprz\u0119tem, kt\u00f3ry umo\u017cliwia bezpieczny za\u0142adunek, transport i roz\u0142adunek nawet najwi\u0119kszych pojazd\u00f3w. Dzi\u0119ki temu mo\u017cemy zaoferowa\u0107 Ci nie tylko profesjonalne, ale i kompleksowe us\u0142ugi transportowe. <\/p>\n\n\n\n<p><strong>2. Do\u015bwiadczona Kadra<\/strong> <\/p>\n\n\n\n<p>Nasi wykwalifikowani kierowcy posiadaj\u0105 nie tylko odpowiednie umiej\u0119tno\u015bci, ale tak\u017ce do\u015bwiadczenie w przewozie gabaryt\u00f3w i kamper\u00f3w. Rozumiej\u0105 specyfik\u0119 tego rodzaju transportu i podejmuj\u0105 wszelkie niezb\u0119dne \u015brodki, aby zapewni\u0107, \u017ce Tw\u00f3j pojazd dotrze do celu w nienaruszonym stanie.<\/p>\n\n\n\n<p><strong>3. Pe\u0142na Obs\u0142uga Logistyczna<\/strong> <\/p>\n\n\n\n<p>Dbamy o ka\u017cdy etap procesu przewozu. Nasza firma oferuje pe\u0142n\u0105 obs\u0142ug\u0119 logistyczn\u0105, w\u0142\u0105cznie z planowaniem trasy oraz koordynacj\u0105 wszystkich dzia\u0142a\u0144 potrzebnych do pomy\u015blnego zrealizowania transportu. <\/p>\n\n\n\n<p><strong>4. Bezpiecze\u0144stwo i Odpowiedzialno\u015b\u0107<\/strong> <\/p>\n\n\n\n<p>Bezpiecze\u0144stwo Twojego pojazdu to nasz priorytet. Dlatego stosujemy najwy\u017csze standardy zabezpiecze\u0144 oraz monitorujemy ca\u0142y proces transportu. <\/p>\n\n\n\n<p><strong>5. Dostosowanie do Indywidualnych Potrzeb<\/strong><\/p>\n\n\n\n<p> Rozumiemy, \u017ce ka\u017cdy przypadek jest inny. Dlatego te\u017c oferujemy elastyczno\u015b\u0107 w dostosowywaniu naszych us\u0142ug do Twoich indywidualnych potrzeb. Niezale\u017cnie od tego, czy potrzebujesz pojedynczego przewozu, czy regularnych transport\u00f3w, jeste\u015bmy gotowi spe\u0142ni\u0107 Twoje oczekiwania. <\/p>\n\n\n\n<p>Je\u015bli szukasz niezawodnego partnera do przewozu gabaryt\u00f3w i kamper\u00f3w, nasza firma jest najlepszym wyborem. Skontaktuj si\u0119 z nami ju\u017c dzi\u015b i zaufaj nam, aby Twoje pojazdy dotar\u0142y do celu w idealnym stanie!<\/p>\n","protected":false},"excerpt":{"rendered":"<p>Marzysz o przeprowadzce na nowe miejsce, a Tw\u00f3j kamper jest zbyt du\u017cy, by przewie\u017a\u0107 go samodzielnie? Potrzebujesz&#8230;<\/p>\n","protected":false},"author":3,"featured_media":0,"comment_status":"closed","ping_status":"open","sticky":false,"template":"","format":"standard","meta":{"_kadence_starter_templates_imported_post":false,"_kad_post_transparent":"","_kad_post_title":"","_kad_post_layout":"","_kad_post_sidebar_id":"","_kad_post_content_style":"","_kad_post_vertical_padding":"","_kad_post_feature":"","_kad_post_feature_position":"","_kad_post_header":false,"_kad_post_footer":false,"footnotes":""},"categories":[9],"tags":[],"class_list":["post-433","post","type-post","status-publish","format-standard","hentry","category-uslugi-transportowe"],"yoast_head":"<!-- This site is optimized with the Yoast SEO Premium plugin v21.5 (Yoast SEO v24.2) - https:\/\/yoast.com\/wordpress\/plugins\/seo\/ -->\n<title>Ekspert w Transporcie Gabaryt\u00f3w i Kamper\u00f3w: | Laweta | Pomoc Drogowa<\/title>\n<meta name=\"robots\" content=\"index, follow, max-snippet:-1, max-image-preview:large, max-video-preview:-1\" \/>\n<link rel=\"canonical\" href=\"https:\/\/lawetaznam.pl\/index.php\/2023\/10\/26\/ekspert-w-transporcie-gabarytow-i-kamperow\/\" \/>\n<meta property=\"og:locale\" content=\"pl_PL\" \/>\n<meta property=\"og:type\" content=\"article\" \/>\n<meta property=\"og:title\" content=\"Ekspert w Transporcie Gabaryt\u00f3w i Kamper\u00f3w:\" \/>\n<meta property=\"og:description\" content=\"Marzysz o przeprowadzce na nowe miejsce, a Tw\u00f3j kamper jest zbyt du\u017cy, by przewie\u017a\u0107 go samodzielnie? Potrzebujesz...\" \/>\n<meta property=\"og:url\" content=\"https:\/\/lawetaznam.pl\/index.php\/2023\/10\/26\/ekspert-w-transporcie-gabarytow-i-kamperow\/\" \/>\n<meta property=\"og:site_name\" content=\"Laweta | Pomoc Drogowa\" \/>\n<meta property=\"article:published_time\" content=\"2023-10-26T11:10:59+00:00\" \/>\n<meta property=\"article:modified_time\" content=\"2025-01-13T11:58:39+00:00\" \/>\n<meta name=\"author\" content=\"Estera Wenerska\" \/>\n<meta name=\"twitter:card\" content=\"summary_large_image\" \/>\n<meta name=\"twitter:label1\" content=\"Napisane przez\" \/>\n\t<meta name=\"twitter:data1\" content=\"Estera Wenerska\" \/>\n\t<meta name=\"twitter:label2\" content=\"Szacowany czas czytania\" \/>\n\t<meta name=\"twitter:data2\" content=\"1 minuta\" \/>\n<script type=\"application\/ld+json\" class=\"yoast-schema-graph\">{\"@context\":\"https:\/\/schema.org\",\"@graph\":[{\"@type\":\"Article\",\"@id\":\"https:\/\/lawetaznam.pl\/index.php\/2023\/10\/26\/ekspert-w-transporcie-gabarytow-i-kamperow\/#article\",\"isPartOf\":{\"@id\":\"https:\/\/lawetaznam.pl\/index.php\/2023\/10\/26\/ekspert-w-transporcie-gabarytow-i-kamperow\/\"},\"author\":{\"name\":\"Estera Wenerska\",\"@id\":\"https:\/\/lawetaznam.pl\/#\/schema\/person\/5452bc6a0cb6176cf0c437647407c2a6\"},\"headline\":\"Ekspert w Transporcie Gabaryt\u00f3w i Kamper\u00f3w:\",\"datePublished\":\"2023-10-26T11:10:59+00:00\",\"dateModified\":\"2025-01-13T11:58:39+00:00\",\"mainEntityOfPage\":{\"@id\":\"https:\/\/lawetaznam.pl\/index.php\/2023\/10\/26\/ekspert-w-transporcie-gabarytow-i-kamperow\/\"},\"wordCount\":302,\"publisher\":{\"@id\":\"https:\/\/lawetaznam.pl\/#organization\"},\"articleSection\":[\"Us\u0142ugi transportowe\"],\"inLanguage\":\"pl-PL\"},{\"@type\":\"WebPage\",\"@id\":\"https:\/\/lawetaznam.pl\/index.php\/2023\/10\/26\/ekspert-w-transporcie-gabarytow-i-kamperow\/\",\"url\":\"https:\/\/lawetaznam.pl\/index.php\/2023\/10\/26\/ekspert-w-transporcie-gabarytow-i-kamperow\/\",\"name\":\"Ekspert w Transporcie Gabaryt\u00f3w i Kamper\u00f3w: | Laweta | Pomoc Drogowa\",\"isPartOf\":{\"@id\":\"https:\/\/lawetaznam.pl\/#website\"},\"datePublished\":\"2023-10-26T11:10:59+00:00\",\"dateModified\":\"2025-01-13T11:58:39+00:00\",\"breadcrumb\":{\"@id\":\"https:\/\/lawetaznam.pl\/index.php\/2023\/10\/26\/ekspert-w-transporcie-gabarytow-i-kamperow\/#breadcrumb\"},\"inLanguage\":\"pl-PL\",\"potentialAction\":[{\"@type\":\"ReadAction\",\"target\":[\"https:\/\/lawetaznam.pl\/index.php\/2023\/10\/26\/ekspert-w-transporcie-gabarytow-i-kamperow\/\"]}]},{\"@type\":\"BreadcrumbList\",\"@id\":\"https:\/\/lawetaznam.pl\/index.php\/2023\/10\/26\/ekspert-w-transporcie-gabarytow-i-kamperow\/#breadcrumb\",\"itemListElement\":[{\"@type\":\"ListItem\",\"position\":1,\"name\":\"Home\",\"item\":\"https:\/\/lawetaznam.pl\/\"},{\"@type\":\"ListItem\",\"position\":2,\"name\":\"Ekspert w Transporcie Gabaryt\u00f3w i Kamper\u00f3w:\"}]},{\"@type\":\"WebSite\",\"@id\":\"https:\/\/lawetaznam.pl\/#website\",\"url\":\"https:\/\/lawetaznam.pl\/\",\"name\":\"Laweta | Pomoc Drogowa\",\"description\":\"ZNAM | Transport dla Ciebie\",\"publisher\":{\"@id\":\"https:\/\/lawetaznam.pl\/#organization\"},\"inLanguage\":\"pl-PL\"},{\"@type\":\"Organization\",\"@id\":\"https:\/\/lawetaznam.pl\/#organization\",\"name\":\"Laweta Znam\",\"url\":\"https:\/\/lawetaznam.pl\/\",\"logo\":{\"@type\":\"ImageObject\",\"inLanguage\":\"pl-PL\",\"@id\":\"https:\/\/lawetaznam.pl\/#\/schema\/logo\/image\/\",\"url\":\"https:\/\/lawetaznam.pl\/wp-content\/uploads\/2021\/08\/11111.jpg\",\"contentUrl\":\"https:\/\/lawetaznam.pl\/wp-content\/uploads\/2021\/08\/11111.jpg\",\"width\":2362,\"height\":2362,\"caption\":\"Laweta Znam\"},\"image\":{\"@id\":\"https:\/\/lawetaznam.pl\/#\/schema\/logo\/image\/\"}},{\"@type\":\"Person\",\"@id\":\"https:\/\/lawetaznam.pl\/#\/schema\/person\/5452bc6a0cb6176cf0c437647407c2a6\",\"name\":\"Estera Wenerska\",\"image\":{\"@type\":\"ImageObject\",\"inLanguage\":\"pl-PL\",\"@id\":\"https:\/\/lawetaznam.pl\/#\/schema\/person\/image\/\",\"url\":\"https:\/\/secure.gravatar.com\/avatar\/1106629de31a49911061b475936764d9?s=96&d=mm&r=g\",\"contentUrl\":\"https:\/\/secure.gravatar.com\/avatar\/1106629de31a49911061b475936764d9?s=96&d=mm&r=g\",\"caption\":\"Estera Wenerska\"},\"url\":\"https:\/\/lawetaznam.pl\/index.php\/author\/estera\/\"}]}<\/script>\n<!-- \/ Yoast SEO Premium plugin. -->","yoast_head_json":{"title":"Ekspert w Transporcie Gabaryt\u00f3w i Kamper\u00f3w: | Laweta | Pomoc Drogowa","robots":{"index":"index","follow":"follow","max-snippet":"max-snippet:-1","max-image-preview":"max-image-preview:large","max-video-preview":"max-video-preview:-1"},"canonical":"https:\/\/lawetaznam.pl\/index.php\/2023\/10\/26\/ekspert-w-transporcie-gabarytow-i-kamperow\/","og_locale":"pl_PL","og_type":"article","og_title":"Ekspert w Transporcie Gabaryt\u00f3w i Kamper\u00f3w:","og_description":"Marzysz o przeprowadzce na nowe miejsce, a Tw\u00f3j kamper jest zbyt du\u017cy, by przewie\u017a\u0107 go samodzielnie? Potrzebujesz...","og_url":"https:\/\/lawetaznam.pl\/index.php\/2023\/10\/26\/ekspert-w-transporcie-gabarytow-i-kamperow\/","og_site_name":"Laweta | Pomoc Drogowa","article_published_time":"2023-10-26T11:10:59+00:00","article_modified_time":"2025-01-13T11:58:39+00:00","author":"Estera Wenerska","twitter_card":"summary_large_image","twitter_misc":{"Napisane przez":"Estera Wenerska","Szacowany czas czytania":"1 minuta"},"schema":{"@context":"https:\/\/schema.org","@graph":[{"@type":"Article","@id":"https:\/\/lawetaznam.pl\/index.php\/2023\/10\/26\/ekspert-w-transporcie-gabarytow-i-kamperow\/#article","isPartOf":{"@id":"https:\/\/lawetaznam.pl\/index.php\/2023\/10\/26\/ekspert-w-transporcie-gabarytow-i-kamperow\/"},"author":{"name":"Estera Wenerska","@id":"https:\/\/lawetaznam.pl\/#\/schema\/person\/5452bc6a0cb6176cf0c437647407c2a6"},"headline":"Ekspert w Transporcie Gabaryt\u00f3w i Kamper\u00f3w:","datePublished":"2023-10-26T11:10:59+00:00","dateModified":"2025-01-13T11:58:39+00:00","mainEntityOfPage":{"@id":"https:\/\/lawetaznam.pl\/index.php\/2023\/10\/26\/ekspert-w-transporcie-gabarytow-i-kamperow\/"},"wordCount":302,"publisher":{"@id":"https:\/\/lawetaznam.pl\/#organization"},"articleSection":["Us\u0142ugi transportowe"],"inLanguage":"pl-PL"},{"@type":"WebPage","@id":"https:\/\/lawetaznam.pl\/index.php\/2023\/10\/26\/ekspert-w-transporcie-gabarytow-i-kamperow\/","url":"https:\/\/lawetaznam.pl\/index.php\/2023\/10\/26\/ekspert-w-transporcie-gabarytow-i-kamperow\/","name":"Ekspert w Transporcie Gabaryt\u00f3w i Kamper\u00f3w: | Laweta | Pomoc Drogowa","isPartOf":{"@id":"https:\/\/lawetaznam.pl\/#website"},"datePublished":"2023-10-26T11:10:59+00:00","dateModified":"2025-01-13T11:58:39+00:00","breadcrumb":{"@id":"https:\/\/lawetaznam.pl\/index.php\/2023\/10\/26\/ekspert-w-transporcie-gabarytow-i-kamperow\/#breadcrumb"},"inLanguage":"pl-PL","potentialAction":[{"@type":"ReadAction","target":["https:\/\/lawetaznam.pl\/index.php\/2023\/10\/26\/ekspert-w-transporcie-gabarytow-i-kamperow\/"]}]},{"@type":"BreadcrumbList","@id":"https:\/\/lawetaznam.pl\/index.php\/2023\/10\/26\/ekspert-w-transporcie-gabarytow-i-kamperow\/#breadcrumb","itemListElement":[{"@type":"ListItem","position":1,"name":"Home","item":"https:\/\/lawetaznam.pl\/"},{"@type":"ListItem","position":2,"name":"Ekspert w Transporcie Gabaryt\u00f3w i Kamper\u00f3w:"}]},{"@type":"WebSite","@id":"https:\/\/lawetaznam.pl\/#website","url":"https:\/\/lawetaznam.pl\/","name":"Laweta | Pomoc Drogowa","description":"ZNAM | Transport dla Ciebie","publisher":{"@id":"https:\/\/lawetaznam.pl\/#organization"},"inLanguage":"pl-PL"},{"@type":"Organization","@id":"https:\/\/lawetaznam.pl\/#organization","name":"Laweta Znam","url":"https:\/\/lawetaznam.pl\/","logo":{"@type":"ImageObject","inLanguage":"pl-PL","@id":"https:\/\/lawetaznam.pl\/#\/schema\/logo\/image\/","url":"https:\/\/lawetaznam.pl\/wp-content\/uploads\/2021\/08\/11111.jpg","contentUrl":"https:\/\/lawetaznam.pl\/wp-content\/uploads\/2021\/08\/11111.jpg","width":2362,"height":2362,"caption":"Laweta Znam"},"image":{"@id":"https:\/\/lawetaznam.pl\/#\/schema\/logo\/image\/"}},{"@type":"Person","@id":"https:\/\/lawetaznam.pl\/#\/schema\/person\/5452bc6a0cb6176cf0c437647407c2a6","name":"Estera Wenerska","image":{"@type":"ImageObject","inLanguage":"pl-PL","@id":"https:\/\/lawetaznam.pl\/#\/schema\/person\/image\/","url":"https:\/\/secure.gravatar.com\/avatar\/1106629de31a49911061b475936764d9?s=96&d=mm&r=g","contentUrl":"https:\/\/secure.gravatar.com\/avatar\/1106629de31a49911061b475936764d9?s=96&d=mm&r=g","caption":"Estera Wenerska"},"url":"https:\/\/lawetaznam.pl\/index.php\/author\/estera\/"}]}},"_links":{"self":[{"href":"https:\/\/lawetaznam.pl\/index.php\/wp-json\/wp\/v2\/posts\/433","targetHints":{"allow":["GET"]}}],"collection":[{"href":"https:\/\/lawetaznam.pl\/index.php\/wp-json\/wp\/v2\/posts"}],"about":[{"href":"https:\/\/lawetaznam.pl\/index.php\/wp-json\/wp\/v2\/types\/post"}],"author":[{"embeddable":true,"href":"https:\/\/lawetaznam.pl\/index.php\/wp-json\/wp\/v2\/users\/3"}],"replies":[{"embeddable":true,"href":"https:\/\/lawetaznam.pl\/index.php\/wp-json\/wp\/v2\/comments?post=433"}],"version-history":[{"count":1,"href":"https:\/\/lawetaznam.pl\/index.php\/wp-json\/wp\/v2\/posts\/433\/revisions"}],"predecessor-version":[{"id":434,"href":"https:\/\/lawetaznam.pl\/index.php\/wp-json\/wp\/v2\/posts\/433\/revisions\/434"}],"wp:attachment":[{"href":"https:\/\/lawetaznam.pl\/index.php\/wp-json\/wp\/v2\/media?parent=433"}],"wp:term":[{"taxonomy":"category","embeddable":true,"href":"https:\/\/lawetaznam.pl\/index.php\/wp-json\/wp\/v2\/categories?post=433"},{"taxonomy":"post_tag","embeddable":true,"href":"https:\/\/lawetaznam.pl\/index.php\/wp-json\/wp\/v2\/tags?post=433"}],"curies":[{"name":"wp","href":"https:\/\/api.w.org\/{rel}","templated":true}]}}